{"id":90638,"date":"2026-09-02T15:34:50","date_gmt":"2026-09-02T13:34:50","guid":{"rendered":"https:\/\/www.demosmobilia.ch\/la-piece-que-nous-navions-jamais-eu-lintention-de-vendre\/"},"modified":"2026-09-02T16:03:06","modified_gmt":"2026-09-02T14:03:06","slug":"la-piece-que-nous-navions-jamais-eu-lintention-de-vendre","status":"publish","type":"post","link":"https:\/\/www.demosmobilia.ch\/fr\/la-piece-que-nous-navions-jamais-eu-lintention-de-vendre\/","title":{"rendered":"LA PI\u00c8CE QUE NOUS N\u2019AVIONS JAMAIS EU L\u2019INTENTION DE VENDRE"},"content":{"rendered":"<p>Certains objets entrent dans une collection parce qu\u2019ils sont rares.<br\/>D\u2019autres parce qu\u2019ils sont beaux.<br\/>Et puis il y a ceux qui, avant m\u00eame d\u2019arriver en galerie, ont d\u00e9j\u00e0 une histoire \u00e0 raconter.<br\/>Cette semaine, le protagoniste est La Bocca della Verit\u00e0, le lit monumental con\u00e7u par Mario Ceroli pour Poltronova au d\u00e9but des ann\u00e9es 1970.<br\/>Un objet qui est, plus qu\u2019un lit, une sculpture habitable.<br\/>Et qui, pendant plus de cinquante ans, a eu une maison.<br\/>Depuis 1973, pour \u00eatre pr\u00e9cis.<br\/>Lorsque le moment est venu de l\u2019emporter, nous nous sommes toutefois retrouv\u00e9s face \u00e0 un probl\u00e8me tr\u00e8s concret.<br\/>Il ne passait pas par la porte.<br\/>Ce n\u2019\u00e9tait pas une question de mieux le d\u00e9monter.<br\/>Ce n\u2019\u00e9tait pas une question de trouver le bon angle.<br\/>Il \u00e9tait tout simplement trop grand.<br\/>Nous avons donc fait ce qui semblait \u00eatre la seule solution possible :<br\/>Nous l\u2019avons descendu par la fen\u00eatre du troisi\u00e8me \u00e9tage.<br\/>Pendant quelques minutes, La Bocca della Verit\u00e0 est rest\u00e9e suspendue entre une maison et la rue, avant d\u2019entamer son voyage vers une nouvelle destination.<br\/>Et c\u2019est peut-\u00eatre pr\u00e9cis\u00e9ment ce qui rend certains objets si fascinants.<br\/>Ils ne sont pas simplement des meubles qui changent de propri\u00e9taire.<br\/>Ce sont des objets qui, au fil de leur existence, changent de maison, changent de contexte et continuent d\u2019accumuler des histoires.<br\/>Ceroli a transform\u00e9 un lit en quelque chose de presque monumental : une grande bouche sculpt\u00e9e dans le bois, inspir\u00e9e de la c\u00e9l\u00e8bre Bocca della Verit\u00e0 de Rome. Produite par Poltronova dans le cadre de la s\u00e9rie Mobili nella Valle, l\u2019\u0153uvre appartient \u00e0 une p\u00e9riode charni\u00e8re du design italien, lorsque les fronti\u00e8res entre art, sculpture et mobilier devenaient de plus en plus fluides. <br\/>Mais il y a quelque chose qu\u2019aucun catalogue ne peut vous raconter.  <br\/> Le fait que quelqu\u2019un y ait r\u00e9ellement dormi.<br\/>Pendant cinquante ans.<br\/>Que ce bois ait \u00e9t\u00e9 le t\u00e9moin d\u2019une vie quotidienne, plut\u00f4t que de simplement occuper un espace d\u2019exposition.<br\/>Qu\u2019avant de devenir une pi\u00e8ce de design de collection, ce n\u2019\u00e9tait tout simplement qu\u2019un lit.<br\/>Et c\u2019est peut-\u00eatre cette dimension qui nous int\u00e9resse le plus.<br\/>Parce que pr\u00e9server le design italien historique ne consiste pas simplement \u00e0 sauver des objets.<br\/>Cela signifie accepter que chaque objet porte en lui une m\u00e9moire qui ne nous appartient pas enti\u00e8rement, mais que nous continuons n\u00e9anmoins \u00e0 pr\u00e9server.<br\/>Et lorsqu\u2019une pi\u00e8ce comme celle-ci passe par la fen\u00eatre d\u2019un troisi\u00e8me \u00e9tage, elle ne fait pas que changer de lieu.<br\/>Elle voyage \u00e0 travers le temps.<br\/>Elle quitte une maison qui l\u2019a abrit\u00e9e pendant un demi-si\u00e8cle et en cherche une autre, pr\u00eate \u00e0 en faire autant : non pas simplement \u00e0 l\u2019accueillir, mais \u00e0 poursuivre son histoire sans y mettre un terme.<br\/>Peut-\u00eatre est-ce l\u00e0 le v\u00e9ritable sens de la collection.<br\/>Non pas la possession.<br\/>Mais le choix des histoires qui m\u00e9ritent de ne pas prendre fin.<br\/>Et de celles qui m\u00e9ritent qu\u2019on leur permette de recommencer.<\/p><h2 class=\"wp-block-heading\">MARIO CEROLI : L\u2019ARTISTE DERRI\u00c8RE LA BOCCA DELLA VERIT\u00c0<br\/>Mario Ceroli (1938, Castel Frentano) est l\u2019une des figures les plus importantes de l\u2019art et du design italiens de la seconde moiti\u00e9 du XXe si\u00e8cle. Sculpteur, artiste et cr\u00e9ateur de pi\u00e8ces de mobilier embl\u00e9matiques, Ceroli est connu pour son langage visuel singulier, fond\u00e9 sur le bois brut et la transformation de la figure humaine en formes arch\u00e9typales et monumentales.<br\/>Apr\u00e8s avoir \u00e9tudi\u00e9 \u00e0 l\u2019Acad\u00e9mie des beaux-arts de Rome, Ceroli s\u2019impose dans les ann\u00e9es 1960 comme l\u2019une des figures majeures associ\u00e9es \u00e0 l\u2019Arte Povera, mouvement qui a profond\u00e9ment transform\u00e9 le rapport entre les mat\u00e9riaux, l\u2019espace et le langage artistique. Ses \u0153uvres se distinguent par l\u2019utilisation de bois non trait\u00e9, d\u00e9coup\u00e9 en silhouettes bidimensionnelles qui se transforment en installations th\u00e9\u00e2trales et en environnements immersifs.<br\/>Parmi ses collaborations les plus importantes figure son travail avec Poltronova, maison historique du design italien pour laquelle il cr\u00e9e la c\u00e9l\u00e8bre s\u00e9rie Mobili nella Valle. C\u2019est dans ce contexte que na\u00eet, vers 1972, le lit La Bocca della Verit\u00e0. Comptant parmi les projets les plus embl\u00e9matiques de Ceroli, ce lit s\u2019inspire de la l\u00e9gendaire Bocca della Verit\u00e0 de Rome et la transforme en un objet monumental qui r\u00e9unit fonction et sculpture, mobilier et art contemporain.<br\/>L\u2019\u0153uvre de Ceroli se situe \u00e0 la crois\u00e9e de la sculpture, de la sc\u00e9nographie et du design radical italien, faisant de lui une figure essentielle du dialogue entre art contemporain et mobilier de collection. Ses \u0153uvres sont aujourd\u2019hui pr\u00e9sentes dans d\u2019importantes collections publiques et priv\u00e9es \u00e0 travers le monde.    <\/h2><h2 class=\"wp-block-heading\">LE LIT \u00ab LA BOCCA DELLA VERIT\u00c0 \u00bb : DESIGN ET SIGNIFICATION<\/h2><p>Le lit La Bocca della Verit\u00e0 de Mario Ceroli compte parmi les \u0153uvres les plus repr\u00e9sentatives du design italien des ann\u00e9es 1970. Cr\u00e9\u00e9 pour Poltronova dans le cadre de la s\u00e9rie Mobili nella Valle, le projet est n\u00e9 de l\u2019id\u00e9e de transformer un objet du quotidien en une sculpture habitable. <\/p><p>Le lit s\u2019inspire de la c\u00e9l\u00e8bre Bocca della Verit\u00e0 de Rome, r\u00e9interpr\u00e9t\u00e9e par Ceroli sous la forme d\u2019une structure monumentale en bois qui enveloppe l\u2019espace du repos.<\/p><p>Il ne s\u2019agit pas simplement d\u2019un meuble, mais d\u2019une installation tridimensionnelle qui fusionne l\u2019art, l\u2019architecture et le design.<\/p><p>R\u00e9alis\u00e9 en bois brut, le lit incarne l\u2019esth\u00e9tique singuli\u00e8re de Ceroli : des mat\u00e9riaux naturels, des formes essentielles et une pr\u00e9sence th\u00e9\u00e2trale puissante. Ses dimensions monumentales en font l\u2019\u00e9l\u00e9ment central d\u2019un int\u00e9rieur domestique, presque une pr\u00e9sence architecturale plut\u00f4t qu\u2019un meuble conventionnel. <\/p><p>Du point de vue du design, La Bocca della Verit\u00e0 constitue un exemple majeur du design radical italien, dans lequel la fonction est remise en question et r\u00e9interpr\u00e9t\u00e9e, transformant l\u2019objet en une v\u00e9ritable exp\u00e9rience.<\/p><p>Il n\u2019a pas \u00e9t\u00e9 con\u00e7u pour \u00eatre simplement utilis\u00e9, mais pour \u00eatre v\u00e9cu comme une \u0153uvre d\u2019art totale.<\/p><p>Aujourd\u2019hui, ce lit est consid\u00e9r\u00e9 comme une pi\u00e8ce de design de collection particuli\u00e8rement importante, recherch\u00e9e par les galeries, les collectionneurs et les mus\u00e9es pour son importance historique et sa capacit\u00e9 \u00e0 incarner le dialogue entre l\u2019art et le design italiens des ann\u00e9es 1970.<br\/><\/p><figure class=\"wp-block-image size-full\"><a href=\"https:\/\/www.demosmobilia.ch\/wp-content\/uploads\/2026\/09\/IMG_7297-scaled.jpeg\"><img loading=\"lazy\" decoding=\"async\" width=\"1920\" height=\"2560\" src=\"https:\/\/www.demosmobilia.ch\/wp-content\/uploads\/2026\/09\/IMG_7297-scaled.jpeg\" alt=\"\" class=\"wp-image-90597\" srcset=\"https:\/\/www.demosmobilia.ch\/wp-content\/uploads\/2026\/09\/IMG_7297-scaled.jpeg 1920w, https:\/\/www.demosmobilia.ch\/wp-content\/uploads\/2026\/09\/IMG_7297-768x1024.jpeg 768w, https:\/\/www.demosmobilia.ch\/wp-content\/uploads\/2026\/09\/IMG_7297-1152x1536.jpeg 1152w, https:\/\/www.demosmobilia.ch\/wp-content\/uploads\/2026\/09\/IMG_7297-1536x2048.jpeg 1536w\" sizes=\"auto, (max-width: 1920px) 100vw, 1920px\" \/><\/a><\/figure><figure class=\"wp-block-gallery has-nested-images columns-default is-cropped wp-block-gallery-1 is-layout-flex wp-block-gallery-is-layout-flex\"><figure class=\"wp-block-image size-full\"><a href=\"https:\/\/www.demosmobilia.ch\/wp-content\/uploads\/2026\/09\/IMG_7786-rotated.jpeg\"><img loading=\"lazy\" decoding=\"async\" width=\"480\" height=\"640\" data-id=\"90601\" src=\"https:\/\/www.demosmobilia.ch\/wp-content\/uploads\/2026\/09\/IMG_7786-rotated.jpeg\" alt=\"\" class=\"wp-image-90601\"\/><\/a><\/figure><\/figure><figure class=\"wp-block-gallery has-nested-images columns-default is-cropped wp-block-gallery-2 is-layout-flex wp-block-gallery-is-layout-flex\"><figure class=\"wp-block-image size-full\"><a href=\"https:\/\/www.demosmobilia.ch\/wp-content\/uploads\/2026\/09\/IMG_7787-rotated.jpeg\"><img loading=\"lazy\" decoding=\"async\" width=\"480\" height=\"640\" data-id=\"90605\" src=\"https:\/\/www.demosmobilia.ch\/wp-content\/uploads\/2026\/09\/IMG_7787-rotated.jpeg\" alt=\"\" class=\"wp-image-90605\"\/><\/a><\/figure>\n\n<figure class=\"wp-block-image size-full\"><a href=\"https:\/\/www.demosmobilia.ch\/wp-content\/uploads\/2026\/09\/IMG_7789-rotated.jpeg\"><img loading=\"lazy\" decoding=\"async\" width=\"480\" height=\"640\" data-id=\"90609\" src=\"https:\/\/www.demosmobilia.ch\/wp-content\/uploads\/2026\/09\/IMG_7789-rotated.jpeg\" alt=\"\" class=\"wp-image-90609\"\/><\/a><\/figure>\n\n<figure class=\"wp-block-image size-full\"><a href=\"https:\/\/www.demosmobilia.ch\/wp-content\/uploads\/2026\/09\/IMG_7808-rotated.jpeg\"><img loading=\"lazy\" decoding=\"async\" width=\"480\" height=\"640\" data-id=\"90613\" src=\"https:\/\/www.demosmobilia.ch\/wp-content\/uploads\/2026\/09\/IMG_7808-rotated.jpeg\" alt=\"\" class=\"wp-image-90613\"\/><\/a><\/figure>\n\n<figure class=\"wp-block-image size-full\"><a href=\"https:\/\/www.demosmobilia.ch\/wp-content\/uploads\/2026\/09\/IMG_7812-rotated.jpeg\"><img loading=\"lazy\" decoding=\"async\" width=\"480\" height=\"640\" data-id=\"90617\" src=\"https:\/\/www.demosmobilia.ch\/wp-content\/uploads\/2026\/09\/IMG_7812-rotated.jpeg\" alt=\"\" class=\"wp-image-90617\"\/><\/a><\/figure><\/figure><figure class=\"wp-block-gallery has-nested-images columns-default is-cropped wp-block-gallery-3 is-layout-flex wp-block-gallery-is-layout-flex\"><figure class=\"wp-block-image size-large\"><a href=\"https:\/\/www.demosmobilia.ch\/wp-content\/uploads\/2026\/09\/IMG_7819-rotated.jpeg\"><img loading=\"lazy\" decoding=\"async\" width=\"480\" height=\"640\" data-id=\"90633\" src=\"https:\/\/www.demosmobilia.ch\/wp-content\/uploads\/2026\/09\/IMG_7819-rotated.jpeg\" alt=\"\" class=\"wp-image-90633\"\/><\/a><\/figure>\n\n<figure class=\"wp-block-image size-large\"><a href=\"https:\/\/www.demosmobilia.ch\/wp-content\/uploads\/2026\/09\/IMG_7835-rotated.jpeg\"><img loading=\"lazy\" decoding=\"async\" width=\"480\" height=\"640\" data-id=\"90625\" src=\"https:\/\/www.demosmobilia.ch\/wp-content\/uploads\/2026\/09\/IMG_7835-rotated.jpeg\" alt=\"\" class=\"wp-image-90625\"\/><\/a><\/figure>\n\n<figure class=\"wp-block-image size-large\"><a href=\"https:\/\/www.demosmobilia.ch\/wp-content\/uploads\/2026\/09\/IMG_7834-rotated.jpeg\"><img loading=\"lazy\" decoding=\"async\" width=\"480\" height=\"640\" data-id=\"90629\" src=\"https:\/\/www.demosmobilia.ch\/wp-content\/uploads\/2026\/09\/IMG_7834-rotated.jpeg\" alt=\"\" class=\"wp-image-90629\"\/><\/a><\/figure><\/figure><p><\/p>","protected":false},"excerpt":{"rendered":"<p>Certains objets entrent dans une collection parce qu\u2019ils sont rares.D\u2019autres parce qu\u2019ils sont beaux.Et puis il y a ceux qui, avant m\u00eame d\u2019arriver en galerie, ont d\u00e9j\u00e0 une histoire \u00e0 raconter.Cette semaine, le protagoniste est La Bocca della Verit\u00e0, le lit monumental con\u00e7u par Mario Ceroli pour Poltronova au d\u00e9but des ann\u00e9es 1970.Un objet qui est, plus qu\u2019un lit, une sculpture habitable.Et qui, pendant plus de cinquante ans, a eu une maison.Depuis 1973, pour \u00eatre pr\u00e9cis.Lorsque le moment est venu de l\u2019emporter, nous nous sommes toutefois retrouv\u00e9s face \u00e0 un probl\u00e8me tr\u00e8s concret.Il ne passait pas par la porte.Ce n\u2019\u00e9tait pas une question de mieux<a class=\"more-link\" href=\"https:\/\/www.demosmobilia.ch\/fr\/la-piece-que-nous-navions-jamais-eu-lintention-de-vendre\/\">Read More &rarr;<\/a><\/p>\n","protected":false},"author":5,"featured_media":90592,"comment_status":"closed","ping_status":"closed","sticky":false,"template":"","format":"standard","meta":{"_monsterinsights_skip_tracking":false,"_monsterinsights_sitenote_active":false,"_monsterinsights_sitenote_note":"","_monsterinsights_sitenote_category":0,"kk_blocks_editor_width":"","_kiokenblocks_attr":"","_kiokenblocks_dimensions":"","footnotes":""},"categories":[4225,4229],"tags":[],"class_list":["entry","author-demosmobilia","post-90638","post","type-post","status-publish","format-standard","has-post-thumbnail","category-contenu","category-nouvelles-de-demosmobilia"],"yoast_head":"<!-- This site is optimized with the Yoast SEO plugin v24.0 - https:\/\/yoast.com\/wordpress\/plugins\/seo\/ -->\n<title>LA PI\u00c8CE QUE NOUS N\u2019AVIONS JAMAIS EU L\u2019INTENTION DE VENDRE &#8211; Demosmobilia<\/title>\n<meta name=\"robots\" content=\"index, follow, max-snippet:-1, max-image-preview:large, max-video-preview:-1\" \/>\n<link rel=\"canonical\" href=\"https:\/\/www.demosmobilia.ch\/fr\/la-piece-que-nous-navions-jamais-eu-lintention-de-vendre\/\" \/>\n<meta property=\"og:locale\" content=\"fr_FR\" \/>\n<meta property=\"og:type\" content=\"article\" \/>\n<meta property=\"og:title\" content=\"LA PI\u00c8CE QUE NOUS N\u2019AVIONS JAMAIS EU L\u2019INTENTION DE VENDRE &#8211; Demosmobilia\" \/>\n<meta property=\"og:description\" content=\"Certains objets entrent dans une collection parce qu\u2019ils sont rares.D\u2019autres parce qu\u2019ils sont beaux.Et puis il y a ceux qui, avant m\u00eame d\u2019arriver en galerie, ont d\u00e9j\u00e0 une histoire \u00e0 raconter.Cette semaine, le protagoniste est La Bocca della Verit\u00e0, le lit monumental con\u00e7u par Mario Ceroli pour Poltronova au d\u00e9but des ann\u00e9es 1970.Un objet qui est, plus qu\u2019un lit, une sculpture habitable.Et qui, pendant plus de cinquante ans, a eu une maison.Depuis 1973, pour \u00eatre pr\u00e9cis.Lorsque le moment est venu de l\u2019emporter, nous nous sommes toutefois retrouv\u00e9s face \u00e0 un probl\u00e8me tr\u00e8s concret.Il ne passait pas par la porte.Ce n\u2019\u00e9tait pas une question de mieuxRead More &rarr;\" \/>\n<meta property=\"og:url\" content=\"https:\/\/www.demosmobilia.ch\/fr\/la-piece-que-nous-navions-jamais-eu-lintention-de-vendre\/\" \/>\n<meta property=\"og:site_name\" content=\"Demosmobilia\" \/>\n<meta property=\"article:publisher\" content=\"https:\/\/www.facebook.com\/Demos-Mobilia-1137017453131445\/\" \/>\n<meta property=\"article:published_time\" content=\"2026-09-02T13:34:50+00:00\" \/>\n<meta property=\"article:modified_time\" content=\"2026-09-02T14:03:06+00:00\" \/>\n<meta property=\"og:image\" content=\"https:\/\/www.demosmobilia.ch\/wp-content\/uploads\/2026\/09\/ceroli-la-bocca-della-verita-poltronova-1973-art-design-scaled.jpeg\" \/>\n\t<meta property=\"og:image:width\" content=\"1920\" \/>\n\t<meta property=\"og:image:height\" content=\"2560\" \/>\n\t<meta property=\"og:image:type\" content=\"image\/jpeg\" \/>\n<meta name=\"author\" content=\"demosmobilia\" \/>\n<meta name=\"twitter:card\" content=\"summary_large_image\" \/>\n<meta name=\"twitter:label1\" content=\"\u00c9crit par\" \/>\n\t<meta name=\"twitter:data1\" content=\"demosmobilia\" \/>\n\t<meta name=\"twitter:label2\" content=\"Dur\u00e9e de lecture estim\u00e9e\" \/>\n\t<meta name=\"twitter:data2\" content=\"6 minutes\" \/>\n<script type=\"application\/ld+json\" class=\"yoast-schema-graph\">{\"@context\":\"https:\/\/schema.org\",\"@graph\":[{\"@type\":\"Article\",\"@id\":\"https:\/\/www.demosmobilia.ch\/fr\/la-piece-que-nous-navions-jamais-eu-lintention-de-vendre\/#article\",\"isPartOf\":{\"@id\":\"https:\/\/www.demosmobilia.ch\/fr\/la-piece-que-nous-navions-jamais-eu-lintention-de-vendre\/\"},\"author\":{\"name\":\"demosmobilia\",\"@id\":\"https:\/\/www.demosmobilia.ch\/fr\/#\/schema\/person\/351e191849023abe83b1fa617fbeb99c\"},\"headline\":\"LA PI\u00c8CE QUE NOUS N\u2019AVIONS JAMAIS EU L\u2019INTENTION DE VENDRE\",\"datePublished\":\"2026-09-02T13:34:50+00:00\",\"dateModified\":\"2026-09-02T14:03:06+00:00\",\"mainEntityOfPage\":{\"@id\":\"https:\/\/www.demosmobilia.ch\/fr\/la-piece-que-nous-navions-jamais-eu-lintention-de-vendre\/\"},\"wordCount\":1131,\"publisher\":{\"@id\":\"https:\/\/www.demosmobilia.ch\/fr\/#organization\"},\"image\":{\"@id\":\"https:\/\/www.demosmobilia.ch\/fr\/la-piece-que-nous-navions-jamais-eu-lintention-de-vendre\/#primaryimage\"},\"thumbnailUrl\":\"https:\/\/www.demosmobilia.ch\/wp-content\/uploads\/2026\/09\/ceroli-la-bocca-della-verita-poltronova-1973-art-design-scaled.jpeg\",\"articleSection\":[\"Contenu\",\"Nouvelles de Demosmobilia\"],\"inLanguage\":\"fr-FR\"},{\"@type\":\"WebPage\",\"@id\":\"https:\/\/www.demosmobilia.ch\/fr\/la-piece-que-nous-navions-jamais-eu-lintention-de-vendre\/\",\"url\":\"https:\/\/www.demosmobilia.ch\/fr\/la-piece-que-nous-navions-jamais-eu-lintention-de-vendre\/\",\"name\":\"LA PI\u00c8CE QUE NOUS N\u2019AVIONS JAMAIS EU L\u2019INTENTION DE VENDRE &#8211; Demosmobilia\",\"isPartOf\":{\"@id\":\"https:\/\/www.demosmobilia.ch\/fr\/#website\"},\"primaryImageOfPage\":{\"@id\":\"https:\/\/www.demosmobilia.ch\/fr\/la-piece-que-nous-navions-jamais-eu-lintention-de-vendre\/#primaryimage\"},\"image\":{\"@id\":\"https:\/\/www.demosmobilia.ch\/fr\/la-piece-que-nous-navions-jamais-eu-lintention-de-vendre\/#primaryimage\"},\"thumbnailUrl\":\"https:\/\/www.demosmobilia.ch\/wp-content\/uploads\/2026\/09\/ceroli-la-bocca-della-verita-poltronova-1973-art-design-scaled.jpeg\",\"datePublished\":\"2026-09-02T13:34:50+00:00\",\"dateModified\":\"2026-09-02T14:03:06+00:00\",\"breadcrumb\":{\"@id\":\"https:\/\/www.demosmobilia.ch\/fr\/la-piece-que-nous-navions-jamais-eu-lintention-de-vendre\/#breadcrumb\"},\"inLanguage\":\"fr-FR\",\"potentialAction\":[{\"@type\":\"ReadAction\",\"target\":[\"https:\/\/www.demosmobilia.ch\/fr\/la-piece-que-nous-navions-jamais-eu-lintention-de-vendre\/\"]}]},{\"@type\":\"ImageObject\",\"inLanguage\":\"fr-FR\",\"@id\":\"https:\/\/www.demosmobilia.ch\/fr\/la-piece-que-nous-navions-jamais-eu-lintention-de-vendre\/#primaryimage\",\"url\":\"https:\/\/www.demosmobilia.ch\/wp-content\/uploads\/2026\/09\/ceroli-la-bocca-della-verita-poltronova-1973-art-design-scaled.jpeg\",\"contentUrl\":\"https:\/\/www.demosmobilia.ch\/wp-content\/uploads\/2026\/09\/ceroli-la-bocca-della-verita-poltronova-1973-art-design-scaled.jpeg\",\"width\":1920,\"height\":2560},{\"@type\":\"BreadcrumbList\",\"@id\":\"https:\/\/www.demosmobilia.ch\/fr\/la-piece-que-nous-navions-jamais-eu-lintention-de-vendre\/#breadcrumb\",\"itemListElement\":[{\"@type\":\"ListItem\",\"position\":1,\"name\":\"Home\",\"item\":\"https:\/\/www.demosmobilia.ch\/fr\/\"},{\"@type\":\"ListItem\",\"position\":2,\"name\":\"LA PI\u00c8CE QUE NOUS N\u2019AVIONS JAMAIS EU L\u2019INTENTION DE VENDRE\"}]},{\"@type\":\"WebSite\",\"@id\":\"https:\/\/www.demosmobilia.ch\/fr\/#website\",\"url\":\"https:\/\/www.demosmobilia.ch\/fr\/\",\"name\":\"Demosmobilia\",\"description\":\"Vintage Mid Century Modern Design Furniture from the &#039;30s to the &#039;80s\",\"publisher\":{\"@id\":\"https:\/\/www.demosmobilia.ch\/fr\/#organization\"},\"potentialAction\":[{\"@type\":\"SearchAction\",\"target\":{\"@type\":\"EntryPoint\",\"urlTemplate\":\"https:\/\/www.demosmobilia.ch\/fr\/?s={search_term_string}\"},\"query-input\":{\"@type\":\"PropertyValueSpecification\",\"valueRequired\":true,\"valueName\":\"search_term_string\"}}],\"inLanguage\":\"fr-FR\"},{\"@type\":\"Organization\",\"@id\":\"https:\/\/www.demosmobilia.ch\/fr\/#organization\",\"name\":\"demosmobilia\",\"url\":\"https:\/\/www.demosmobilia.ch\/fr\/\",\"logo\":{\"@type\":\"ImageObject\",\"inLanguage\":\"fr-FR\",\"@id\":\"https:\/\/www.demosmobilia.ch\/fr\/#\/schema\/logo\/image\/\",\"url\":\"https:\/\/www.demosmobilia.ch\/wp-content\/uploads\/2020\/07\/demosmobilia-logo-2020-230-160.png\",\"contentUrl\":\"https:\/\/www.demosmobilia.ch\/wp-content\/uploads\/2020\/07\/demosmobilia-logo-2020-230-160.png\",\"width\":230,\"height\":160,\"caption\":\"demosmobilia\"},\"image\":{\"@id\":\"https:\/\/www.demosmobilia.ch\/fr\/#\/schema\/logo\/image\/\"},\"sameAs\":[\"https:\/\/www.facebook.com\/Demos-Mobilia-1137017453131445\/\",\"https:\/\/www.instagram.com\/demosmobilia\/\"]},{\"@type\":\"Person\",\"@id\":\"https:\/\/www.demosmobilia.ch\/fr\/#\/schema\/person\/351e191849023abe83b1fa617fbeb99c\",\"name\":\"demosmobilia\",\"image\":{\"@type\":\"ImageObject\",\"inLanguage\":\"fr-FR\",\"@id\":\"https:\/\/www.demosmobilia.ch\/fr\/#\/schema\/person\/image\/\",\"url\":\"https:\/\/secure.gravatar.com\/avatar\/827af99f347ba98a7d30a2b7f0f4949413c4aa208a7be01a586b3b24bd99a016?s=96&d=mm&r=g\",\"contentUrl\":\"https:\/\/secure.gravatar.com\/avatar\/827af99f347ba98a7d30a2b7f0f4949413c4aa208a7be01a586b3b24bd99a016?s=96&d=mm&r=g\",\"caption\":\"demosmobilia\"},\"url\":\"https:\/\/www.demosmobilia.ch\/fr\/author\/demosmobilia\/\"}]}<\/script>\n<!-- \/ Yoast SEO plugin. -->","yoast_head_json":{"title":"LA PI\u00c8CE QUE NOUS N\u2019AVIONS JAMAIS EU L\u2019INTENTION DE VENDRE &#8211; Demosmobilia","robots":{"index":"index","follow":"follow","max-snippet":"max-snippet:-1","max-image-preview":"max-image-preview:large","max-video-preview":"max-video-preview:-1"},"canonical":"https:\/\/www.demosmobilia.ch\/fr\/la-piece-que-nous-navions-jamais-eu-lintention-de-vendre\/","og_locale":"fr_FR","og_type":"article","og_title":"LA PI\u00c8CE QUE NOUS N\u2019AVIONS JAMAIS EU L\u2019INTENTION DE VENDRE &#8211; Demosmobilia","og_description":"Certains objets entrent dans une collection parce qu\u2019ils sont rares.D\u2019autres parce qu\u2019ils sont beaux.Et puis il y a ceux qui, avant m\u00eame d\u2019arriver en galerie, ont d\u00e9j\u00e0 une histoire \u00e0 raconter.Cette semaine, le protagoniste est La Bocca della Verit\u00e0, le lit monumental con\u00e7u par Mario Ceroli pour Poltronova au d\u00e9but des ann\u00e9es 1970.Un objet qui est, plus qu\u2019un lit, une sculpture habitable.Et qui, pendant plus de cinquante ans, a eu une maison.Depuis 1973, pour \u00eatre pr\u00e9cis.Lorsque le moment est venu de l\u2019emporter, nous nous sommes toutefois retrouv\u00e9s face \u00e0 un probl\u00e8me tr\u00e8s concret.Il ne passait pas par la porte.Ce n\u2019\u00e9tait pas une question de mieuxRead More &rarr;","og_url":"https:\/\/www.demosmobilia.ch\/fr\/la-piece-que-nous-navions-jamais-eu-lintention-de-vendre\/","og_site_name":"Demosmobilia","article_publisher":"https:\/\/www.facebook.com\/Demos-Mobilia-1137017453131445\/","article_published_time":"2026-09-02T13:34:50+00:00","article_modified_time":"2026-09-02T14:03:06+00:00","og_image":[{"width":1920,"height":2560,"url":"https:\/\/www.demosmobilia.ch\/wp-content\/uploads\/2026\/09\/ceroli-la-bocca-della-verita-poltronova-1973-art-design-scaled.jpeg","type":"image\/jpeg"}],"author":"demosmobilia","twitter_card":"summary_large_image","twitter_misc":{"\u00c9crit par":"demosmobilia","Dur\u00e9e de lecture estim\u00e9e":"6 minutes"},"schema":{"@context":"https:\/\/schema.org","@graph":[{"@type":"Article","@id":"https:\/\/www.demosmobilia.ch\/fr\/la-piece-que-nous-navions-jamais-eu-lintention-de-vendre\/#article","isPartOf":{"@id":"https:\/\/www.demosmobilia.ch\/fr\/la-piece-que-nous-navions-jamais-eu-lintention-de-vendre\/"},"author":{"name":"demosmobilia","@id":"https:\/\/www.demosmobilia.ch\/fr\/#\/schema\/person\/351e191849023abe83b1fa617fbeb99c"},"headline":"LA PI\u00c8CE QUE NOUS N\u2019AVIONS JAMAIS EU L\u2019INTENTION DE VENDRE","datePublished":"2026-09-02T13:34:50+00:00","dateModified":"2026-09-02T14:03:06+00:00","mainEntityOfPage":{"@id":"https:\/\/www.demosmobilia.ch\/fr\/la-piece-que-nous-navions-jamais-eu-lintention-de-vendre\/"},"wordCount":1131,"publisher":{"@id":"https:\/\/www.demosmobilia.ch\/fr\/#organization"},"image":{"@id":"https:\/\/www.demosmobilia.ch\/fr\/la-piece-que-nous-navions-jamais-eu-lintention-de-vendre\/#primaryimage"},"thumbnailUrl":"https:\/\/www.demosmobilia.ch\/wp-content\/uploads\/2026\/09\/ceroli-la-bocca-della-verita-poltronova-1973-art-design-scaled.jpeg","articleSection":["Contenu","Nouvelles de Demosmobilia"],"inLanguage":"fr-FR"},{"@type":"WebPage","@id":"https:\/\/www.demosmobilia.ch\/fr\/la-piece-que-nous-navions-jamais-eu-lintention-de-vendre\/","url":"https:\/\/www.demosmobilia.ch\/fr\/la-piece-que-nous-navions-jamais-eu-lintention-de-vendre\/","name":"LA PI\u00c8CE QUE NOUS N\u2019AVIONS JAMAIS EU L\u2019INTENTION DE VENDRE &#8211; Demosmobilia","isPartOf":{"@id":"https:\/\/www.demosmobilia.ch\/fr\/#website"},"primaryImageOfPage":{"@id":"https:\/\/www.demosmobilia.ch\/fr\/la-piece-que-nous-navions-jamais-eu-lintention-de-vendre\/#primaryimage"},"image":{"@id":"https:\/\/www.demosmobilia.ch\/fr\/la-piece-que-nous-navions-jamais-eu-lintention-de-vendre\/#primaryimage"},"thumbnailUrl":"https:\/\/www.demosmobilia.ch\/wp-content\/uploads\/2026\/09\/ceroli-la-bocca-della-verita-poltronova-1973-art-design-scaled.jpeg","datePublished":"2026-09-02T13:34:50+00:00","dateModified":"2026-09-02T14:03:06+00:00","breadcrumb":{"@id":"https:\/\/www.demosmobilia.ch\/fr\/la-piece-que-nous-navions-jamais-eu-lintention-de-vendre\/#breadcrumb"},"inLanguage":"fr-FR","potentialAction":[{"@type":"ReadAction","target":["https:\/\/www.demosmobilia.ch\/fr\/la-piece-que-nous-navions-jamais-eu-lintention-de-vendre\/"]}]},{"@type":"ImageObject","inLanguage":"fr-FR","@id":"https:\/\/www.demosmobilia.ch\/fr\/la-piece-que-nous-navions-jamais-eu-lintention-de-vendre\/#primaryimage","url":"https:\/\/www.demosmobilia.ch\/wp-content\/uploads\/2026\/09\/ceroli-la-bocca-della-verita-poltronova-1973-art-design-scaled.jpeg","contentUrl":"https:\/\/www.demosmobilia.ch\/wp-content\/uploads\/2026\/09\/ceroli-la-bocca-della-verita-poltronova-1973-art-design-scaled.jpeg","width":1920,"height":2560},{"@type":"BreadcrumbList","@id":"https:\/\/www.demosmobilia.ch\/fr\/la-piece-que-nous-navions-jamais-eu-lintention-de-vendre\/#breadcrumb","itemListElement":[{"@type":"ListItem","position":1,"name":"Home","item":"https:\/\/www.demosmobilia.ch\/fr\/"},{"@type":"ListItem","position":2,"name":"LA PI\u00c8CE QUE NOUS N\u2019AVIONS JAMAIS EU L\u2019INTENTION DE VENDRE"}]},{"@type":"WebSite","@id":"https:\/\/www.demosmobilia.ch\/fr\/#website","url":"https:\/\/www.demosmobilia.ch\/fr\/","name":"Demosmobilia","description":"Vintage Mid Century Modern Design Furniture from the &#039;30s to the &#039;80s","publisher":{"@id":"https:\/\/www.demosmobilia.ch\/fr\/#organization"},"potentialAction":[{"@type":"SearchAction","target":{"@type":"EntryPoint","urlTemplate":"https:\/\/www.demosmobilia.ch\/fr\/?s={search_term_string}"},"query-input":{"@type":"PropertyValueSpecification","valueRequired":true,"valueName":"search_term_string"}}],"inLanguage":"fr-FR"},{"@type":"Organization","@id":"https:\/\/www.demosmobilia.ch\/fr\/#organization","name":"demosmobilia","url":"https:\/\/www.demosmobilia.ch\/fr\/","logo":{"@type":"ImageObject","inLanguage":"fr-FR","@id":"https:\/\/www.demosmobilia.ch\/fr\/#\/schema\/logo\/image\/","url":"https:\/\/www.demosmobilia.ch\/wp-content\/uploads\/2020\/07\/demosmobilia-logo-2020-230-160.png","contentUrl":"https:\/\/www.demosmobilia.ch\/wp-content\/uploads\/2020\/07\/demosmobilia-logo-2020-230-160.png","width":230,"height":160,"caption":"demosmobilia"},"image":{"@id":"https:\/\/www.demosmobilia.ch\/fr\/#\/schema\/logo\/image\/"},"sameAs":["https:\/\/www.facebook.com\/Demos-Mobilia-1137017453131445\/","https:\/\/www.instagram.com\/demosmobilia\/"]},{"@type":"Person","@id":"https:\/\/www.demosmobilia.ch\/fr\/#\/schema\/person\/351e191849023abe83b1fa617fbeb99c","name":"demosmobilia","image":{"@type":"ImageObject","inLanguage":"fr-FR","@id":"https:\/\/www.demosmobilia.ch\/fr\/#\/schema\/person\/image\/","url":"https:\/\/secure.gravatar.com\/avatar\/827af99f347ba98a7d30a2b7f0f4949413c4aa208a7be01a586b3b24bd99a016?s=96&d=mm&r=g","contentUrl":"https:\/\/secure.gravatar.com\/avatar\/827af99f347ba98a7d30a2b7f0f4949413c4aa208a7be01a586b3b24bd99a016?s=96&d=mm&r=g","caption":"demosmobilia"},"url":"https:\/\/www.demosmobilia.ch\/fr\/author\/demosmobilia\/"}]}},"wps_subtitle":"","_links":{"self":[{"href":"https:\/\/www.demosmobilia.ch\/fr\/wp-json\/wp\/v2\/posts\/90638","targetHints":{"allow":["GET"]}}],"collection":[{"href":"https:\/\/www.demosmobilia.ch\/fr\/wp-json\/wp\/v2\/posts"}],"about":[{"href":"https:\/\/www.demosmobilia.ch\/fr\/wp-json\/wp\/v2\/types\/post"}],"author":[{"embeddable":true,"href":"https:\/\/www.demosmobilia.ch\/fr\/wp-json\/wp\/v2\/users\/5"}],"replies":[{"embeddable":true,"href":"https:\/\/www.demosmobilia.ch\/fr\/wp-json\/wp\/v2\/comments?post=90638"}],"version-history":[{"count":1,"href":"https:\/\/www.demosmobilia.ch\/fr\/wp-json\/wp\/v2\/posts\/90638\/revisions"}],"predecessor-version":[{"id":90639,"href":"https:\/\/www.demosmobilia.ch\/fr\/wp-json\/wp\/v2\/posts\/90638\/revisions\/90639"}],"wp:featuredmedia":[{"embeddable":true,"href":"https:\/\/www.demosmobilia.ch\/fr\/wp-json\/wp\/v2\/media\/90592"}],"wp:attachment":[{"href":"https:\/\/www.demosmobilia.ch\/fr\/wp-json\/wp\/v2\/media?parent=90638"}],"wp:term":[{"taxonomy":"category","embeddable":true,"href":"https:\/\/www.demosmobilia.ch\/fr\/wp-json\/wp\/v2\/categories?post=90638"},{"taxonomy":"post_tag","embeddable":true,"href":"https:\/\/www.demosmobilia.ch\/fr\/wp-json\/wp\/v2\/tags?post=90638"}],"curies":[{"name":"wp","href":"https:\/\/api.w.org\/{rel}","templated":true}]}}