{"id":51955,"date":"2021-05-29T15:09:08","date_gmt":"2021-05-29T13:09:08","guid":{"rendered":"https:\/\/www.demosmobilia.ch\/archives-gio-ponti\/"},"modified":"2021-05-29T15:09:09","modified_gmt":"2021-05-29T13:09:09","slug":"archives-gio-ponti","status":"publish","type":"post","link":"https:\/\/www.demosmobilia.ch\/fr\/archives-gio-ponti\/","title":{"rendered":"Archives Gio Ponti"},"content":{"rendered":"<p>Archives Gio Ponti<\/p><p>Les Archives Gio Ponti se trouvent dans les locaux qui \u00e9taient le bureau de Gio Ponti, l&rsquo;immeuble qu&rsquo;il a con\u00e7u et habit\u00e9, Via Dezza 49, Milan.<\/p><!--more--><p>La banque de donn\u00e9es Archives Gio Ponti se base sur le mat\u00e9riel photographique de l&rsquo;\u00e9tude de Gio Ponti, r\u00e9organis\u00e9e par sa fille Lisa au milieu des ann\u00e9es 80 \u00e0 l&rsquo;occasion du livre Gio Ponti, l&rsquo;op\u00e9ra de Lisa Ponti, et sur d&rsquo;importants compl\u00e9ments de photos, de profilages et de collectes de donn\u00e9es effectu\u00e9s par Salvatore Licitra \u00e0 partir de 1996.<\/p><p>\u00ab\u00a0Archives\u00a0\u00bb est au pluriel afin d&rsquo;exprimer l&rsquo;objectif de cr\u00e9er une base de donn\u00e9es sur Gio Ponti qui parviendra \u00e0 mettre en relation des informations et des mat\u00e9riaux de nature, de propri\u00e9t\u00e9s et d&rsquo;origines diff\u00e9rentes.<\/p><p>Cette approche est essentielle si l&rsquo;on veut rendre compte de mani\u00e8re ad\u00e9quate de l&rsquo;\u0153uvre et de la r\u00e9alisation de Ponti, car il \u00e9tait engag\u00e9 sur de multiples fronts, de l&rsquo;architecture au design de produits, de la communication \u00e0 l&rsquo;art, et par nature et temp\u00e9rament enclin \u00e0 nouer des relations et \u00e0 exp\u00e9rimenter largement.<\/p><p>La t\u00e2che de la base de donn\u00e9es des Archives Gio Ponti est donc aussi de composer la mosa\u00efque la plus riche possible du contexte dans lequel il \u00e9voluait, pour les raisons expliqu\u00e9es ci-dessus et en sachant que dans ces ann\u00e9es (1920-70) l&rsquo;art, l&rsquo;architecture et le design en Italie ont atteint des sommets de qualit\u00e9 in\u00e9gal\u00e9s par la suite.<\/p><p><a rel=\"noreferrer noopener\" target=\"_blank\" href=\"http:\/\/www.gioponti.org\/it\/archivio\"><strong><span class=\"has-inline-color has-vivid-red-color\">\u00a9GioPontiArchives<\/span><\/strong><\/a><\/p>","protected":false},"excerpt":{"rendered":"<p>Archives Gio Ponti Les Archives Gio Ponti se trouvent dans les locaux qui \u00e9taient le bureau de Gio Ponti, l&rsquo;immeuble qu&rsquo;il a con\u00e7u et habit\u00e9, Via Dezza 49, Milan.<a class=\"more-link\" href=\"https:\/\/www.demosmobilia.ch\/fr\/archives-gio-ponti\/\">Read More &rarr;<\/a><\/p>\n","protected":false},"author":3,"featured_media":37415,"comment_status":"closed","ping_status":"closed","sticky":false,"template":"","format":"standard","meta":{"_monsterinsights_skip_tracking":false,"_monsterinsights_sitenote_active":false,"_monsterinsights_sitenote_note":"","_monsterinsights_sitenote_category":0,"kk_blocks_editor_width":"","_kiokenblocks_attr":"","_kiokenblocks_dimensions":"","footnotes":""},"categories":[4225],"tags":[],"class_list":["entry","author-veruska","has-more-link","post-51955","post","type-post","status-publish","format-standard","has-post-thumbnail","category-contenu"],"yoast_head":"<!-- This site is optimized with the Yoast SEO plugin v24.0 - https:\/\/yoast.com\/wordpress\/plugins\/seo\/ -->\n<title>Archives Gio Ponti &#8211; Demosmobilia<\/title>\n<meta name=\"robots\" content=\"index, follow, max-snippet:-1, max-image-preview:large, max-video-preview:-1\" \/>\n<link rel=\"canonical\" href=\"https:\/\/www.demosmobilia.ch\/fr\/archives-gio-ponti\/\" \/>\n<meta property=\"og:locale\" content=\"fr_FR\" \/>\n<meta property=\"og:type\" content=\"article\" \/>\n<meta property=\"og:title\" content=\"Archives Gio Ponti &#8211; Demosmobilia\" \/>\n<meta property=\"og:description\" content=\"Archives Gio Ponti Les Archives Gio Ponti se trouvent dans les locaux qui \u00e9taient le bureau de Gio Ponti, l&rsquo;immeuble qu&rsquo;il a con\u00e7u et habit\u00e9, Via Dezza 49, Milan.Read More &rarr;\" \/>\n<meta property=\"og:url\" content=\"https:\/\/www.demosmobilia.ch\/fr\/archives-gio-ponti\/\" \/>\n<meta property=\"og:site_name\" content=\"Demosmobilia\" \/>\n<meta property=\"article:publisher\" content=\"https:\/\/www.facebook.com\/Demos-Mobilia-1137017453131445\/\" \/>\n<meta property=\"article:published_time\" content=\"2021-05-29T13:09:08+00:00\" \/>\n<meta property=\"article:modified_time\" content=\"2021-05-29T13:09:09+00:00\" \/>\n<meta property=\"og:image\" content=\"https:\/\/www.demosmobilia.ch\/wp-content\/uploads\/2020\/07\/GioPonti-Archives.jpg\" \/>\n\t<meta property=\"og:image:width\" content=\"1200\" \/>\n\t<meta property=\"og:image:height\" content=\"900\" \/>\n\t<meta property=\"og:image:type\" content=\"image\/jpeg\" \/>\n<meta name=\"author\" content=\"Veruska Gennari\" \/>\n<meta name=\"twitter:card\" content=\"summary_large_image\" \/>\n<meta name=\"twitter:label1\" content=\"\u00c9crit par\" \/>\n\t<meta name=\"twitter:data1\" content=\"Veruska Gennari\" \/>\n\t<meta name=\"twitter:label2\" content=\"Dur\u00e9e de lecture estim\u00e9e\" \/>\n\t<meta name=\"twitter:data2\" content=\"1 minute\" \/>\n<script type=\"application\/ld+json\" class=\"yoast-schema-graph\">{\"@context\":\"https:\/\/schema.org\",\"@graph\":[{\"@type\":\"Article\",\"@id\":\"https:\/\/www.demosmobilia.ch\/fr\/archives-gio-ponti\/#article\",\"isPartOf\":{\"@id\":\"https:\/\/www.demosmobilia.ch\/fr\/archives-gio-ponti\/\"},\"author\":{\"name\":\"Veruska Gennari\",\"@id\":\"https:\/\/www.demosmobilia.ch\/fr\/#\/schema\/person\/6cdc923b199da571dbde792b33257e59\"},\"headline\":\"Archives Gio Ponti\",\"datePublished\":\"2021-05-29T13:09:08+00:00\",\"dateModified\":\"2021-05-29T13:09:09+00:00\",\"mainEntityOfPage\":{\"@id\":\"https:\/\/www.demosmobilia.ch\/fr\/archives-gio-ponti\/\"},\"wordCount\":258,\"publisher\":{\"@id\":\"https:\/\/www.demosmobilia.ch\/fr\/#organization\"},\"image\":{\"@id\":\"https:\/\/www.demosmobilia.ch\/fr\/archives-gio-ponti\/#primaryimage\"},\"thumbnailUrl\":\"https:\/\/www.demosmobilia.ch\/wp-content\/uploads\/2020\/07\/GioPonti-Archives.jpg\",\"articleSection\":[\"Contenu\"],\"inLanguage\":\"fr-FR\"},{\"@type\":\"WebPage\",\"@id\":\"https:\/\/www.demosmobilia.ch\/fr\/archives-gio-ponti\/\",\"url\":\"https:\/\/www.demosmobilia.ch\/fr\/archives-gio-ponti\/\",\"name\":\"Archives Gio Ponti &#8211; Demosmobilia\",\"isPartOf\":{\"@id\":\"https:\/\/www.demosmobilia.ch\/fr\/#website\"},\"primaryImageOfPage\":{\"@id\":\"https:\/\/www.demosmobilia.ch\/fr\/archives-gio-ponti\/#primaryimage\"},\"image\":{\"@id\":\"https:\/\/www.demosmobilia.ch\/fr\/archives-gio-ponti\/#primaryimage\"},\"thumbnailUrl\":\"https:\/\/www.demosmobilia.ch\/wp-content\/uploads\/2020\/07\/GioPonti-Archives.jpg\",\"datePublished\":\"2021-05-29T13:09:08+00:00\",\"dateModified\":\"2021-05-29T13:09:09+00:00\",\"breadcrumb\":{\"@id\":\"https:\/\/www.demosmobilia.ch\/fr\/archives-gio-ponti\/#breadcrumb\"},\"inLanguage\":\"fr-FR\",\"potentialAction\":[{\"@type\":\"ReadAction\",\"target\":[\"https:\/\/www.demosmobilia.ch\/fr\/archives-gio-ponti\/\"]}]},{\"@type\":\"ImageObject\",\"inLanguage\":\"fr-FR\",\"@id\":\"https:\/\/www.demosmobilia.ch\/fr\/archives-gio-ponti\/#primaryimage\",\"url\":\"https:\/\/www.demosmobilia.ch\/wp-content\/uploads\/2020\/07\/GioPonti-Archives.jpg\",\"contentUrl\":\"https:\/\/www.demosmobilia.ch\/wp-content\/uploads\/2020\/07\/GioPonti-Archives.jpg\",\"width\":1200,\"height\":900},{\"@type\":\"BreadcrumbList\",\"@id\":\"https:\/\/www.demosmobilia.ch\/fr\/archives-gio-ponti\/#breadcrumb\",\"itemListElement\":[{\"@type\":\"ListItem\",\"position\":1,\"name\":\"Home\",\"item\":\"https:\/\/www.demosmobilia.ch\/fr\/\"},{\"@type\":\"ListItem\",\"position\":2,\"name\":\"Archives Gio Ponti\"}]},{\"@type\":\"WebSite\",\"@id\":\"https:\/\/www.demosmobilia.ch\/fr\/#website\",\"url\":\"https:\/\/www.demosmobilia.ch\/fr\/\",\"name\":\"Demosmobilia\",\"description\":\"Vintage Mid Century Modern Design Furniture from the &#039;30s to the &#039;80s\",\"publisher\":{\"@id\":\"https:\/\/www.demosmobilia.ch\/fr\/#organization\"},\"potentialAction\":[{\"@type\":\"SearchAction\",\"target\":{\"@type\":\"EntryPoint\",\"urlTemplate\":\"https:\/\/www.demosmobilia.ch\/fr\/?s={search_term_string}\"},\"query-input\":{\"@type\":\"PropertyValueSpecification\",\"valueRequired\":true,\"valueName\":\"search_term_string\"}}],\"inLanguage\":\"fr-FR\"},{\"@type\":\"Organization\",\"@id\":\"https:\/\/www.demosmobilia.ch\/fr\/#organization\",\"name\":\"demosmobilia\",\"url\":\"https:\/\/www.demosmobilia.ch\/fr\/\",\"logo\":{\"@type\":\"ImageObject\",\"inLanguage\":\"fr-FR\",\"@id\":\"https:\/\/www.demosmobilia.ch\/fr\/#\/schema\/logo\/image\/\",\"url\":\"https:\/\/www.demosmobilia.ch\/wp-content\/uploads\/2020\/07\/demosmobilia-logo-2020-230-160.png\",\"contentUrl\":\"https:\/\/www.demosmobilia.ch\/wp-content\/uploads\/2020\/07\/demosmobilia-logo-2020-230-160.png\",\"width\":230,\"height\":160,\"caption\":\"demosmobilia\"},\"image\":{\"@id\":\"https:\/\/www.demosmobilia.ch\/fr\/#\/schema\/logo\/image\/\"},\"sameAs\":[\"https:\/\/www.facebook.com\/Demos-Mobilia-1137017453131445\/\",\"https:\/\/www.instagram.com\/demosmobilia\/\"]},{\"@type\":\"Person\",\"@id\":\"https:\/\/www.demosmobilia.ch\/fr\/#\/schema\/person\/6cdc923b199da571dbde792b33257e59\",\"name\":\"Veruska Gennari\",\"image\":{\"@type\":\"ImageObject\",\"inLanguage\":\"fr-FR\",\"@id\":\"https:\/\/www.demosmobilia.ch\/fr\/#\/schema\/person\/image\/\",\"url\":\"https:\/\/secure.gravatar.com\/avatar\/f4ebb505d5ae73b417124a6342e7a8f37e472f13a9d669a6a2243d70bbaff911?s=96&d=mm&r=g\",\"contentUrl\":\"https:\/\/secure.gravatar.com\/avatar\/f4ebb505d5ae73b417124a6342e7a8f37e472f13a9d669a6a2243d70bbaff911?s=96&d=mm&r=g\",\"caption\":\"Veruska Gennari\"},\"url\":\"https:\/\/www.demosmobilia.ch\/fr\/author\/veruska\/\"}]}<\/script>\n<!-- \/ Yoast SEO plugin. -->","yoast_head_json":{"title":"Archives Gio Ponti &#8211; Demosmobilia","robots":{"index":"index","follow":"follow","max-snippet":"max-snippet:-1","max-image-preview":"max-image-preview:large","max-video-preview":"max-video-preview:-1"},"canonical":"https:\/\/www.demosmobilia.ch\/fr\/archives-gio-ponti\/","og_locale":"fr_FR","og_type":"article","og_title":"Archives Gio Ponti &#8211; Demosmobilia","og_description":"Archives Gio Ponti Les Archives Gio Ponti se trouvent dans les locaux qui \u00e9taient le bureau de Gio Ponti, l&rsquo;immeuble qu&rsquo;il a con\u00e7u et habit\u00e9, Via Dezza 49, Milan.Read More &rarr;","og_url":"https:\/\/www.demosmobilia.ch\/fr\/archives-gio-ponti\/","og_site_name":"Demosmobilia","article_publisher":"https:\/\/www.facebook.com\/Demos-Mobilia-1137017453131445\/","article_published_time":"2021-05-29T13:09:08+00:00","article_modified_time":"2021-05-29T13:09:09+00:00","og_image":[{"width":1200,"height":900,"url":"https:\/\/www.demosmobilia.ch\/wp-content\/uploads\/2020\/07\/GioPonti-Archives.jpg","type":"image\/jpeg"}],"author":"Veruska Gennari","twitter_card":"summary_large_image","twitter_misc":{"\u00c9crit par":"Veruska Gennari","Dur\u00e9e de lecture estim\u00e9e":"1 minute"},"schema":{"@context":"https:\/\/schema.org","@graph":[{"@type":"Article","@id":"https:\/\/www.demosmobilia.ch\/fr\/archives-gio-ponti\/#article","isPartOf":{"@id":"https:\/\/www.demosmobilia.ch\/fr\/archives-gio-ponti\/"},"author":{"name":"Veruska Gennari","@id":"https:\/\/www.demosmobilia.ch\/fr\/#\/schema\/person\/6cdc923b199da571dbde792b33257e59"},"headline":"Archives Gio Ponti","datePublished":"2021-05-29T13:09:08+00:00","dateModified":"2021-05-29T13:09:09+00:00","mainEntityOfPage":{"@id":"https:\/\/www.demosmobilia.ch\/fr\/archives-gio-ponti\/"},"wordCount":258,"publisher":{"@id":"https:\/\/www.demosmobilia.ch\/fr\/#organization"},"image":{"@id":"https:\/\/www.demosmobilia.ch\/fr\/archives-gio-ponti\/#primaryimage"},"thumbnailUrl":"https:\/\/www.demosmobilia.ch\/wp-content\/uploads\/2020\/07\/GioPonti-Archives.jpg","articleSection":["Contenu"],"inLanguage":"fr-FR"},{"@type":"WebPage","@id":"https:\/\/www.demosmobilia.ch\/fr\/archives-gio-ponti\/","url":"https:\/\/www.demosmobilia.ch\/fr\/archives-gio-ponti\/","name":"Archives Gio Ponti &#8211; Demosmobilia","isPartOf":{"@id":"https:\/\/www.demosmobilia.ch\/fr\/#website"},"primaryImageOfPage":{"@id":"https:\/\/www.demosmobilia.ch\/fr\/archives-gio-ponti\/#primaryimage"},"image":{"@id":"https:\/\/www.demosmobilia.ch\/fr\/archives-gio-ponti\/#primaryimage"},"thumbnailUrl":"https:\/\/www.demosmobilia.ch\/wp-content\/uploads\/2020\/07\/GioPonti-Archives.jpg","datePublished":"2021-05-29T13:09:08+00:00","dateModified":"2021-05-29T13:09:09+00:00","breadcrumb":{"@id":"https:\/\/www.demosmobilia.ch\/fr\/archives-gio-ponti\/#breadcrumb"},"inLanguage":"fr-FR","potentialAction":[{"@type":"ReadAction","target":["https:\/\/www.demosmobilia.ch\/fr\/archives-gio-ponti\/"]}]},{"@type":"ImageObject","inLanguage":"fr-FR","@id":"https:\/\/www.demosmobilia.ch\/fr\/archives-gio-ponti\/#primaryimage","url":"https:\/\/www.demosmobilia.ch\/wp-content\/uploads\/2020\/07\/GioPonti-Archives.jpg","contentUrl":"https:\/\/www.demosmobilia.ch\/wp-content\/uploads\/2020\/07\/GioPonti-Archives.jpg","width":1200,"height":900},{"@type":"BreadcrumbList","@id":"https:\/\/www.demosmobilia.ch\/fr\/archives-gio-ponti\/#breadcrumb","itemListElement":[{"@type":"ListItem","position":1,"name":"Home","item":"https:\/\/www.demosmobilia.ch\/fr\/"},{"@type":"ListItem","position":2,"name":"Archives Gio Ponti"}]},{"@type":"WebSite","@id":"https:\/\/www.demosmobilia.ch\/fr\/#website","url":"https:\/\/www.demosmobilia.ch\/fr\/","name":"Demosmobilia","description":"Vintage Mid Century Modern Design Furniture from the &#039;30s to the &#039;80s","publisher":{"@id":"https:\/\/www.demosmobilia.ch\/fr\/#organization"},"potentialAction":[{"@type":"SearchAction","target":{"@type":"EntryPoint","urlTemplate":"https:\/\/www.demosmobilia.ch\/fr\/?s={search_term_string}"},"query-input":{"@type":"PropertyValueSpecification","valueRequired":true,"valueName":"search_term_string"}}],"inLanguage":"fr-FR"},{"@type":"Organization","@id":"https:\/\/www.demosmobilia.ch\/fr\/#organization","name":"demosmobilia","url":"https:\/\/www.demosmobilia.ch\/fr\/","logo":{"@type":"ImageObject","inLanguage":"fr-FR","@id":"https:\/\/www.demosmobilia.ch\/fr\/#\/schema\/logo\/image\/","url":"https:\/\/www.demosmobilia.ch\/wp-content\/uploads\/2020\/07\/demosmobilia-logo-2020-230-160.png","contentUrl":"https:\/\/www.demosmobilia.ch\/wp-content\/uploads\/2020\/07\/demosmobilia-logo-2020-230-160.png","width":230,"height":160,"caption":"demosmobilia"},"image":{"@id":"https:\/\/www.demosmobilia.ch\/fr\/#\/schema\/logo\/image\/"},"sameAs":["https:\/\/www.facebook.com\/Demos-Mobilia-1137017453131445\/","https:\/\/www.instagram.com\/demosmobilia\/"]},{"@type":"Person","@id":"https:\/\/www.demosmobilia.ch\/fr\/#\/schema\/person\/6cdc923b199da571dbde792b33257e59","name":"Veruska Gennari","image":{"@type":"ImageObject","inLanguage":"fr-FR","@id":"https:\/\/www.demosmobilia.ch\/fr\/#\/schema\/person\/image\/","url":"https:\/\/secure.gravatar.com\/avatar\/f4ebb505d5ae73b417124a6342e7a8f37e472f13a9d669a6a2243d70bbaff911?s=96&d=mm&r=g","contentUrl":"https:\/\/secure.gravatar.com\/avatar\/f4ebb505d5ae73b417124a6342e7a8f37e472f13a9d669a6a2243d70bbaff911?s=96&d=mm&r=g","caption":"Veruska Gennari"},"url":"https:\/\/www.demosmobilia.ch\/fr\/author\/veruska\/"}]}},"wps_subtitle":"","_links":{"self":[{"href":"https:\/\/www.demosmobilia.ch\/fr\/wp-json\/wp\/v2\/posts\/51955","targetHints":{"allow":["GET"]}}],"collection":[{"href":"https:\/\/www.demosmobilia.ch\/fr\/wp-json\/wp\/v2\/posts"}],"about":[{"href":"https:\/\/www.demosmobilia.ch\/fr\/wp-json\/wp\/v2\/types\/post"}],"author":[{"embeddable":true,"href":"https:\/\/www.demosmobilia.ch\/fr\/wp-json\/wp\/v2\/users\/3"}],"replies":[{"embeddable":true,"href":"https:\/\/www.demosmobilia.ch\/fr\/wp-json\/wp\/v2\/comments?post=51955"}],"version-history":[{"count":1,"href":"https:\/\/www.demosmobilia.ch\/fr\/wp-json\/wp\/v2\/posts\/51955\/revisions"}],"predecessor-version":[{"id":51956,"href":"https:\/\/www.demosmobilia.ch\/fr\/wp-json\/wp\/v2\/posts\/51955\/revisions\/51956"}],"wp:featuredmedia":[{"embeddable":true,"href":"https:\/\/www.demosmobilia.ch\/fr\/wp-json\/wp\/v2\/media\/37415"}],"wp:attachment":[{"href":"https:\/\/www.demosmobilia.ch\/fr\/wp-json\/wp\/v2\/media?parent=51955"}],"wp:term":[{"taxonomy":"category","embeddable":true,"href":"https:\/\/www.demosmobilia.ch\/fr\/wp-json\/wp\/v2\/categories?post=51955"},{"taxonomy":"post_tag","embeddable":true,"href":"https:\/\/www.demosmobilia.ch\/fr\/wp-json\/wp\/v2\/tags?post=51955"}],"curies":[{"name":"wp","href":"https:\/\/api.w.org\/{rel}","templated":true}]}}